{"id":15070,"date":"2024-08-31T08:32:39","date_gmt":"2024-08-31T06:32:39","guid":{"rendered":"https:\/\/favre-vins.ch\/?p=15070"},"modified":"2024-09-24T14:54:04","modified_gmt":"2024-09-24T12:54:04","slug":"sur-les-traces-des-dames-de-sion","status":"publish","type":"post","link":"https:\/\/favre-vins.ch\/de\/sur-les-traces-des-dames-de-sion\/","title":{"rendered":"Sur les traces des Dames de Sion"},"content":{"rendered":"<p>[et_pb_section fb_built=&#8220;1&#8243; admin_label=&#8220;section&#8220; _builder_version=&#8220;4.16&#8243; global_colors_info=&#8220;{}&#8220;][et_pb_row admin_label=&#8220;row&#8220; _builder_version=&#8220;4.27.0&#8243; background_size=&#8220;initial&#8220; background_position=&#8220;top_left&#8220; background_repeat=&#8220;repeat&#8220; global_colors_info=&#8220;{}&#8220;][et_pb_column type=&#8220;4_4&#8243; _builder_version=&#8220;4.16&#8243; custom_padding=&#8220;|||&#8220; global_colors_info=&#8220;{}&#8220; custom_padding__hover=&#8220;|||&#8220;][et_pb_text _builder_version=&#8220;4.27.0&#8243; _module_preset=&#8220;default&#8220; global_colors_info=&#8220;{}&#8220;]<\/p>\n<p>Entdecken Sie unsere neue gef\u00fchrte Tour in Zusammenarbeit mit dem Office du Tourisme: <i><strong>Sur les traces des Dames de Sion.<\/strong><\/i><\/p>\n<p>Entdecken Sie die beiden Symbolfiguren von Sitten, \u201eLa Catherine\u201c und \u201eLa Dame de Sion\u201c, auf einem spannenden Spaziergang durch die malerischen Stra\u00dfen der Altstadt. In Begleitung eines passionierten F\u00fchrers erkunden Sie zwei \u00fcberraschende Sehensw\u00fcrdigkeiten und genie\u00dfen dabei sieben au\u00dfergew\u00f6hnliche <a href=\"https:\/\/favre-vins.ch\/de\/unsere-sortimente\/\" target=\"_blank\" rel=\"noopener\">Weine<\/a> und ein typisches Walliser Gericht.<\/p>\n<ul style=\"list-style-type: circle;\">\n<li><strong>Bedingungen:<\/strong> 6 bis maximal 20 Personen<\/li>\n<li><strong>Wann<\/strong>: ganzj\u00e4hrig, nach vorheriger Anmeldung (je nach Verf\u00fcgbarkeit), dienstags bis samstags<\/li>\n<li><strong>Beginn der Tour<\/strong>: 10:00 oder 16:00 Uhr<\/li>\n<li><strong>Dauer<\/strong>: 2,5 Stunden (Besichtigung &amp; Essen)<\/li>\n<li><strong>Preis<\/strong>: CHF 59 pro Person<\/li>\n<\/ul>\n<p>[\/et_pb_text][et_pb_button button_url=&#8220;https:\/\/siontourisme.ch\/fr\/sur-les-traces-des-dames-de-sion-fr&#8220; button_text=&#8220;Infos &amp; Buchungen&#8220; _builder_version=&#8220;4.27.0&#8243; _module_preset=&#8220;default&#8220; custom_button=&#8220;off&#8220; global_colors_info=&#8220;{}&#8220;][\/et_pb_button][\/et_pb_column][\/et_pb_row][\/et_pb_section]<\/p>\n","protected":false},"excerpt":{"rendered":"<p>Entdecken Sie \u201eLa Catherine\u201c und \u201eLa Dame de Sion\u201c auf einem gef\u00fchrten Spaziergang durch die Stadt Sion, w\u00e4hrend Sie unsere Weine probieren.<\/p>\n","protected":false},"author":11,"featured_media":15066,"comment_status":"closed","ping_status":"open","sticky":false,"template":"","format":"standard","meta":{"_et_pb_use_builder":"on","_et_pb_old_content":"","_et_gb_content_width":"","inline_featured_image":false,"footnotes":""},"categories":[32],"tags":[],"class_list":["post-15070","post","type-post","status-publish","format-standard","has-post-thumbnail","hentry","category-events-de"],"yoast_head":"<!-- This site is optimized with the Yoast SEO plugin v27.3 - https:\/\/yoast.com\/product\/yoast-seo-wordpress\/ -->\n<title>Sur les traces des Dames de Sion - Les Fils de Charles Favre<\/title>\n<meta name=\"description\" content=\"Entdecken Sie \u201eLa Catherine\u201c und \u201eLa Dame de Sion\u201c auf einem gef\u00fchrten Spaziergang durch die Altstadt von Sion und probieren Sie sieben au\u00dfergew\u00f6hnliche Weine.\" \/>\n<meta name=\"robots\" content=\"index, follow, max-snippet:-1, max-image-preview:large, max-video-preview:-1\" \/>\n<link rel=\"canonical\" href=\"https:\/\/favre-vins.ch\/de\/sur-les-traces-des-dames-de-sion\/\" \/>\n<meta property=\"og:locale\" content=\"de_DE\" \/>\n<meta property=\"og:type\" content=\"article\" \/>\n<meta property=\"og:title\" content=\"Sur les traces des Dames de Sion - Les Fils de Charles Favre\" \/>\n<meta property=\"og:description\" content=\"Entdecken Sie \u201eLa Catherine\u201c und \u201eLa Dame de Sion\u201c auf einem gef\u00fchrten Spaziergang durch die Altstadt von Sion und probieren Sie sieben au\u00dfergew\u00f6hnliche Weine.\" \/>\n<meta property=\"og:url\" content=\"https:\/\/favre-vins.ch\/de\/sur-les-traces-des-dames-de-sion\/\" \/>\n<meta property=\"og:site_name\" content=\"Les Fils de Charles Favre\" \/>\n<meta property=\"article:publisher\" content=\"https:\/\/www.facebook.com\/damedesion\" \/>\n<meta property=\"article:published_time\" content=\"2024-08-31T06:32:39+00:00\" \/>\n<meta property=\"article:modified_time\" content=\"2024-09-24T12:54:04+00:00\" \/>\n<meta property=\"og:image\" content=\"https:\/\/favre-vins.ch\/wp-content\/uploads\/2024\/09\/Sur-les-traces-des-Dames-de-Sion-Favre.jpg\" \/>\n\t<meta property=\"og:image:width\" content=\"512\" \/>\n\t<meta property=\"og:image:height\" content=\"384\" \/>\n\t<meta property=\"og:image:type\" content=\"image\/jpeg\" \/>\n<meta name=\"author\" content=\"Team Marketing\" \/>\n<meta name=\"twitter:card\" content=\"summary_large_image\" \/>\n<meta name=\"twitter:label1\" content=\"Verfasst von\" \/>\n\t<meta name=\"twitter:data1\" content=\"Team Marketing\" \/>\n\t<meta name=\"twitter:label2\" content=\"Gesch\u00e4tzte Lesezeit\" \/>\n\t<meta name=\"twitter:data2\" content=\"1\u00a0Minute\" \/>\n<script type=\"application\/ld+json\" class=\"yoast-schema-graph\">{\"@context\":\"https:\\\/\\\/schema.org\",\"@graph\":[{\"@type\":\"Article\",\"@id\":\"https:\\\/\\\/favre-vins.ch\\\/de\\\/sur-les-traces-des-dames-de-sion\\\/#article\",\"isPartOf\":{\"@id\":\"https:\\\/\\\/favre-vins.ch\\\/de\\\/sur-les-traces-des-dames-de-sion\\\/\"},\"author\":{\"name\":\"Team Marketing\",\"@id\":\"https:\\\/\\\/favre-vins.ch\\\/de\\\/#\\\/schema\\\/person\\\/850756bbebcf106018ec95711478e702\"},\"headline\":\"Sur les traces des Dames de Sion\",\"datePublished\":\"2024-08-31T06:32:39+00:00\",\"dateModified\":\"2024-09-24T12:54:04+00:00\",\"mainEntityOfPage\":{\"@id\":\"https:\\\/\\\/favre-vins.ch\\\/de\\\/sur-les-traces-des-dames-de-sion\\\/\"},\"wordCount\":210,\"publisher\":{\"@id\":\"https:\\\/\\\/favre-vins.ch\\\/de\\\/#organization\"},\"image\":{\"@id\":\"https:\\\/\\\/favre-vins.ch\\\/de\\\/sur-les-traces-des-dames-de-sion\\\/#primaryimage\"},\"thumbnailUrl\":\"https:\\\/\\\/favre-vins.ch\\\/wp-content\\\/uploads\\\/2024\\\/09\\\/Sur-les-traces-des-Dames-de-Sion-Favre.jpg\",\"articleSection\":[\"Events\"],\"inLanguage\":\"de\"},{\"@type\":\"WebPage\",\"@id\":\"https:\\\/\\\/favre-vins.ch\\\/de\\\/sur-les-traces-des-dames-de-sion\\\/\",\"url\":\"https:\\\/\\\/favre-vins.ch\\\/de\\\/sur-les-traces-des-dames-de-sion\\\/\",\"name\":\"Sur les traces des Dames de Sion - Les Fils de Charles Favre\",\"isPartOf\":{\"@id\":\"https:\\\/\\\/favre-vins.ch\\\/de\\\/#website\"},\"primaryImageOfPage\":{\"@id\":\"https:\\\/\\\/favre-vins.ch\\\/de\\\/sur-les-traces-des-dames-de-sion\\\/#primaryimage\"},\"image\":{\"@id\":\"https:\\\/\\\/favre-vins.ch\\\/de\\\/sur-les-traces-des-dames-de-sion\\\/#primaryimage\"},\"thumbnailUrl\":\"https:\\\/\\\/favre-vins.ch\\\/wp-content\\\/uploads\\\/2024\\\/09\\\/Sur-les-traces-des-Dames-de-Sion-Favre.jpg\",\"datePublished\":\"2024-08-31T06:32:39+00:00\",\"dateModified\":\"2024-09-24T12:54:04+00:00\",\"description\":\"Entdecken Sie \u201eLa Catherine\u201c und \u201eLa Dame de Sion\u201c auf einem gef\u00fchrten Spaziergang durch die Altstadt von Sion und probieren Sie sieben au\u00dfergew\u00f6hnliche Weine.\",\"breadcrumb\":{\"@id\":\"https:\\\/\\\/favre-vins.ch\\\/de\\\/sur-les-traces-des-dames-de-sion\\\/#breadcrumb\"},\"inLanguage\":\"de\",\"potentialAction\":[{\"@type\":\"ReadAction\",\"target\":[\"https:\\\/\\\/favre-vins.ch\\\/de\\\/sur-les-traces-des-dames-de-sion\\\/\"]}]},{\"@type\":\"ImageObject\",\"inLanguage\":\"de\",\"@id\":\"https:\\\/\\\/favre-vins.ch\\\/de\\\/sur-les-traces-des-dames-de-sion\\\/#primaryimage\",\"url\":\"https:\\\/\\\/favre-vins.ch\\\/wp-content\\\/uploads\\\/2024\\\/09\\\/Sur-les-traces-des-Dames-de-Sion-Favre.jpg\",\"contentUrl\":\"https:\\\/\\\/favre-vins.ch\\\/wp-content\\\/uploads\\\/2024\\\/09\\\/Sur-les-traces-des-Dames-de-Sion-Favre.jpg\",\"width\":512,\"height\":384,\"caption\":\"Sur les traces des Dames de Sion Favre\"},{\"@type\":\"BreadcrumbList\",\"@id\":\"https:\\\/\\\/favre-vins.ch\\\/de\\\/sur-les-traces-des-dames-de-sion\\\/#breadcrumb\",\"itemListElement\":[{\"@type\":\"ListItem\",\"position\":1,\"name\":\"Accueil\",\"item\":\"https:\\\/\\\/favre-vins.ch\\\/de\\\/\"},{\"@type\":\"ListItem\",\"position\":2,\"name\":\"Sur les traces des Dames de Sion\"}]},{\"@type\":\"WebSite\",\"@id\":\"https:\\\/\\\/favre-vins.ch\\\/de\\\/#website\",\"url\":\"https:\\\/\\\/favre-vins.ch\\\/de\\\/\",\"name\":\"Les Fils de Charles Favre\",\"description\":\"La Petite Maison des Grands Vins\",\"publisher\":{\"@id\":\"https:\\\/\\\/favre-vins.ch\\\/de\\\/#organization\"},\"potentialAction\":[{\"@type\":\"SearchAction\",\"target\":{\"@type\":\"EntryPoint\",\"urlTemplate\":\"https:\\\/\\\/favre-vins.ch\\\/de\\\/?s={search_term_string}\"},\"query-input\":{\"@type\":\"PropertyValueSpecification\",\"valueRequired\":true,\"valueName\":\"search_term_string\"}}],\"inLanguage\":\"de\"},{\"@type\":\"Organization\",\"@id\":\"https:\\\/\\\/favre-vins.ch\\\/de\\\/#organization\",\"name\":\"Les Fils de Charles Favres\",\"url\":\"https:\\\/\\\/favre-vins.ch\\\/de\\\/\",\"logo\":{\"@type\":\"ImageObject\",\"inLanguage\":\"de\",\"@id\":\"https:\\\/\\\/favre-vins.ch\\\/de\\\/#\\\/schema\\\/logo\\\/image\\\/\",\"url\":\"\",\"contentUrl\":\"\",\"caption\":\"Les Fils de Charles Favres\"},\"image\":{\"@id\":\"https:\\\/\\\/favre-vins.ch\\\/de\\\/#\\\/schema\\\/logo\\\/image\\\/\"},\"sameAs\":[\"https:\\\/\\\/www.facebook.com\\\/damedesion\",\"https:\\\/\\\/www.instagram.com\\\/favre.vins\\\/\",\"https:\\\/\\\/www.linkedin.com\\\/company\\\/les-fils-de-charles-favre-sa\\\/\"]},{\"@type\":\"Person\",\"@id\":\"https:\\\/\\\/favre-vins.ch\\\/de\\\/#\\\/schema\\\/person\\\/850756bbebcf106018ec95711478e702\",\"name\":\"Team Marketing\",\"image\":{\"@type\":\"ImageObject\",\"inLanguage\":\"de\",\"@id\":\"https:\\\/\\\/secure.gravatar.com\\\/avatar\\\/c6d676f4b9306777098fc8ddf2518cbc730eec6d61010413b18609da28ae8151?s=96&d=mm&r=g\",\"url\":\"https:\\\/\\\/secure.gravatar.com\\\/avatar\\\/c6d676f4b9306777098fc8ddf2518cbc730eec6d61010413b18609da28ae8151?s=96&d=mm&r=g\",\"contentUrl\":\"https:\\\/\\\/secure.gravatar.com\\\/avatar\\\/c6d676f4b9306777098fc8ddf2518cbc730eec6d61010413b18609da28ae8151?s=96&d=mm&r=g\",\"caption\":\"Team Marketing\"}}]}<\/script>\n<!-- \/ Yoast SEO plugin. -->","yoast_head_json":{"title":"Sur les traces des Dames de Sion - Les Fils de Charles Favre","description":"Entdecken Sie \u201eLa Catherine\u201c und \u201eLa Dame de Sion\u201c auf einem gef\u00fchrten Spaziergang durch die Altstadt von Sion und probieren Sie sieben au\u00dfergew\u00f6hnliche Weine.","robots":{"index":"index","follow":"follow","max-snippet":"max-snippet:-1","max-image-preview":"max-image-preview:large","max-video-preview":"max-video-preview:-1"},"canonical":"https:\/\/favre-vins.ch\/de\/sur-les-traces-des-dames-de-sion\/","og_locale":"de_DE","og_type":"article","og_title":"Sur les traces des Dames de Sion - Les Fils de Charles Favre","og_description":"Entdecken Sie \u201eLa Catherine\u201c und \u201eLa Dame de Sion\u201c auf einem gef\u00fchrten Spaziergang durch die Altstadt von Sion und probieren Sie sieben au\u00dfergew\u00f6hnliche Weine.","og_url":"https:\/\/favre-vins.ch\/de\/sur-les-traces-des-dames-de-sion\/","og_site_name":"Les Fils de Charles Favre","article_publisher":"https:\/\/www.facebook.com\/damedesion","article_published_time":"2024-08-31T06:32:39+00:00","article_modified_time":"2024-09-24T12:54:04+00:00","og_image":[{"width":512,"height":384,"url":"https:\/\/favre-vins.ch\/wp-content\/uploads\/2024\/09\/Sur-les-traces-des-Dames-de-Sion-Favre.jpg","type":"image\/jpeg"}],"author":"Team Marketing","twitter_card":"summary_large_image","twitter_misc":{"Verfasst von":"Team Marketing","Gesch\u00e4tzte Lesezeit":"1\u00a0Minute"},"schema":{"@context":"https:\/\/schema.org","@graph":[{"@type":"Article","@id":"https:\/\/favre-vins.ch\/de\/sur-les-traces-des-dames-de-sion\/#article","isPartOf":{"@id":"https:\/\/favre-vins.ch\/de\/sur-les-traces-des-dames-de-sion\/"},"author":{"name":"Team Marketing","@id":"https:\/\/favre-vins.ch\/de\/#\/schema\/person\/850756bbebcf106018ec95711478e702"},"headline":"Sur les traces des Dames de Sion","datePublished":"2024-08-31T06:32:39+00:00","dateModified":"2024-09-24T12:54:04+00:00","mainEntityOfPage":{"@id":"https:\/\/favre-vins.ch\/de\/sur-les-traces-des-dames-de-sion\/"},"wordCount":210,"publisher":{"@id":"https:\/\/favre-vins.ch\/de\/#organization"},"image":{"@id":"https:\/\/favre-vins.ch\/de\/sur-les-traces-des-dames-de-sion\/#primaryimage"},"thumbnailUrl":"https:\/\/favre-vins.ch\/wp-content\/uploads\/2024\/09\/Sur-les-traces-des-Dames-de-Sion-Favre.jpg","articleSection":["Events"],"inLanguage":"de"},{"@type":"WebPage","@id":"https:\/\/favre-vins.ch\/de\/sur-les-traces-des-dames-de-sion\/","url":"https:\/\/favre-vins.ch\/de\/sur-les-traces-des-dames-de-sion\/","name":"Sur les traces des Dames de Sion - Les Fils de Charles Favre","isPartOf":{"@id":"https:\/\/favre-vins.ch\/de\/#website"},"primaryImageOfPage":{"@id":"https:\/\/favre-vins.ch\/de\/sur-les-traces-des-dames-de-sion\/#primaryimage"},"image":{"@id":"https:\/\/favre-vins.ch\/de\/sur-les-traces-des-dames-de-sion\/#primaryimage"},"thumbnailUrl":"https:\/\/favre-vins.ch\/wp-content\/uploads\/2024\/09\/Sur-les-traces-des-Dames-de-Sion-Favre.jpg","datePublished":"2024-08-31T06:32:39+00:00","dateModified":"2024-09-24T12:54:04+00:00","description":"Entdecken Sie \u201eLa Catherine\u201c und \u201eLa Dame de Sion\u201c auf einem gef\u00fchrten Spaziergang durch die Altstadt von Sion und probieren Sie sieben au\u00dfergew\u00f6hnliche Weine.","breadcrumb":{"@id":"https:\/\/favre-vins.ch\/de\/sur-les-traces-des-dames-de-sion\/#breadcrumb"},"inLanguage":"de","potentialAction":[{"@type":"ReadAction","target":["https:\/\/favre-vins.ch\/de\/sur-les-traces-des-dames-de-sion\/"]}]},{"@type":"ImageObject","inLanguage":"de","@id":"https:\/\/favre-vins.ch\/de\/sur-les-traces-des-dames-de-sion\/#primaryimage","url":"https:\/\/favre-vins.ch\/wp-content\/uploads\/2024\/09\/Sur-les-traces-des-Dames-de-Sion-Favre.jpg","contentUrl":"https:\/\/favre-vins.ch\/wp-content\/uploads\/2024\/09\/Sur-les-traces-des-Dames-de-Sion-Favre.jpg","width":512,"height":384,"caption":"Sur les traces des Dames de Sion Favre"},{"@type":"BreadcrumbList","@id":"https:\/\/favre-vins.ch\/de\/sur-les-traces-des-dames-de-sion\/#breadcrumb","itemListElement":[{"@type":"ListItem","position":1,"name":"Accueil","item":"https:\/\/favre-vins.ch\/de\/"},{"@type":"ListItem","position":2,"name":"Sur les traces des Dames de Sion"}]},{"@type":"WebSite","@id":"https:\/\/favre-vins.ch\/de\/#website","url":"https:\/\/favre-vins.ch\/de\/","name":"Les Fils de Charles Favre","description":"La Petite Maison des Grands Vins","publisher":{"@id":"https:\/\/favre-vins.ch\/de\/#organization"},"potentialAction":[{"@type":"SearchAction","target":{"@type":"EntryPoint","urlTemplate":"https:\/\/favre-vins.ch\/de\/?s={search_term_string}"},"query-input":{"@type":"PropertyValueSpecification","valueRequired":true,"valueName":"search_term_string"}}],"inLanguage":"de"},{"@type":"Organization","@id":"https:\/\/favre-vins.ch\/de\/#organization","name":"Les Fils de Charles Favres","url":"https:\/\/favre-vins.ch\/de\/","logo":{"@type":"ImageObject","inLanguage":"de","@id":"https:\/\/favre-vins.ch\/de\/#\/schema\/logo\/image\/","url":"","contentUrl":"","caption":"Les Fils de Charles Favres"},"image":{"@id":"https:\/\/favre-vins.ch\/de\/#\/schema\/logo\/image\/"},"sameAs":["https:\/\/www.facebook.com\/damedesion","https:\/\/www.instagram.com\/favre.vins\/","https:\/\/www.linkedin.com\/company\/les-fils-de-charles-favre-sa\/"]},{"@type":"Person","@id":"https:\/\/favre-vins.ch\/de\/#\/schema\/person\/850756bbebcf106018ec95711478e702","name":"Team Marketing","image":{"@type":"ImageObject","inLanguage":"de","@id":"https:\/\/secure.gravatar.com\/avatar\/c6d676f4b9306777098fc8ddf2518cbc730eec6d61010413b18609da28ae8151?s=96&d=mm&r=g","url":"https:\/\/secure.gravatar.com\/avatar\/c6d676f4b9306777098fc8ddf2518cbc730eec6d61010413b18609da28ae8151?s=96&d=mm&r=g","contentUrl":"https:\/\/secure.gravatar.com\/avatar\/c6d676f4b9306777098fc8ddf2518cbc730eec6d61010413b18609da28ae8151?s=96&d=mm&r=g","caption":"Team Marketing"}}]}},"publishpress_future_action":{"enabled":false,"date":"2026-05-09 12:11:09","action":"change-status","newStatus":"draft","terms":[],"taxonomy":"category","extraData":[]},"publishpress_future_workflow_manual_trigger":{"enabledWorkflows":[]},"_links":{"self":[{"href":"https:\/\/favre-vins.ch\/de\/wp-json\/wp\/v2\/posts\/15070","targetHints":{"allow":["GET"]}}],"collection":[{"href":"https:\/\/favre-vins.ch\/de\/wp-json\/wp\/v2\/posts"}],"about":[{"href":"https:\/\/favre-vins.ch\/de\/wp-json\/wp\/v2\/types\/post"}],"author":[{"embeddable":true,"href":"https:\/\/favre-vins.ch\/de\/wp-json\/wp\/v2\/users\/11"}],"replies":[{"embeddable":true,"href":"https:\/\/favre-vins.ch\/de\/wp-json\/wp\/v2\/comments?post=15070"}],"version-history":[{"count":5,"href":"https:\/\/favre-vins.ch\/de\/wp-json\/wp\/v2\/posts\/15070\/revisions"}],"predecessor-version":[{"id":15127,"href":"https:\/\/favre-vins.ch\/de\/wp-json\/wp\/v2\/posts\/15070\/revisions\/15127"}],"wp:featuredmedia":[{"embeddable":true,"href":"https:\/\/favre-vins.ch\/de\/wp-json\/wp\/v2\/media\/15066"}],"wp:attachment":[{"href":"https:\/\/favre-vins.ch\/de\/wp-json\/wp\/v2\/media?parent=15070"}],"wp:term":[{"taxonomy":"category","embeddable":true,"href":"https:\/\/favre-vins.ch\/de\/wp-json\/wp\/v2\/categories?post=15070"},{"taxonomy":"post_tag","embeddable":true,"href":"https:\/\/favre-vins.ch\/de\/wp-json\/wp\/v2\/tags?post=15070"}],"curies":[{"name":"wp","href":"https:\/\/api.w.org\/{rel}","templated":true}]}}